{"id":393,"date":"2016-09-27T01:37:09","date_gmt":"2016-09-26T23:37:09","guid":{"rendered":"http:\/\/llp.cz\/ferove-vysetrovani\/?p=393"},"modified":"2017-03-30T13:02:29","modified_gmt":"2017-03-30T11:02:29","slug":"soud-vyzva-policisty-k-prokazani-totoznosti-nezakonna-pokud-neurcita","status":"publish","type":"post","link":"https:\/\/llp.cz\/ferove-vysetrovani\/2016\/09\/27\/soud-vyzva-policisty-k-prokazani-totoznosti-nezakonna-pokud-neurcita\/","title":{"rendered":"Soud: V\u00fdzva policisty k prok\u00e1z\u00e1n\u00ed toto\u017enosti je nez\u00e1konn\u00e1, pokud je neur\u010dit\u00e1"},"content":{"rendered":"<h3>V\u00fdzva policisty k\u00a0prok\u00e1z\u00e1n\u00ed toto\u017enosti je nez\u00e1konn\u00e1, pokud je neur\u010dit\u00e1 a je sm\u011b\u0159ov\u00e1na v\u016f\u010di anonymn\u00edmu davu, kter\u00fd nemusel v\u00fdzvu sly\u0161et. Vypl\u00fdv\u00e1 to z p\u00edsemn\u00e9ho rozsudku Krajsk\u00e9ho soudu v Ostrav\u011b, kter\u00fd se zab\u00fdval z\u00e1sahem policie na shrom\u00e1\u017ed\u011bn\u00ed D\u011blnick\u00e9 strany v Olomouci v \u0159\u00edjnu minul\u00e9ho roku. Policie tehdy obkl\u00ed\u010dila a kontrolovala toto\u017enost protidemonstrant\u016f, kte\u0159\u00ed p\u0159i\u0161li vyj\u00e1d\u0159it nesouhlas se shrom\u00e1\u017ed\u011bn\u00edm.\u00a0Soud <a href=\"http:\/\/llp.cz\/2016\/05\/soud-obkliceni-protidemonstrantu-a-kontrola-jejich-totoznosti-byla-nezakonna\/\" target=\"_blank\"><span style=\"text-decoration: underline\">vynesl verdikt<\/span><\/a> u\u017e v kv\u011btnu, policie proti n\u011bmu podala kasa\u010dn\u00ed st\u00ed\u017enost.<\/h3>\n<p>Z\u00a0<a href=\"http:\/\/llp.cz\/wp-content\/uploads\/160817_rozsudek_KS_anonym.pdf\" target=\"_blank\">osmn\u00e1cti\u00a0str\u00e1nkov\u00e9ho rozsudku<\/a>, kter\u00fd v minul\u00fdch dnech obdr\u017eela Liga lidsk\u00fdch pr\u00e1v zastupuj\u00edc\u00ed dvojici st\u011b\u017eovatel\u016f, vypl\u00fdv\u00e1, \u017ee:<\/p>\n<ul>\n<li style=\"padding-left: 30px\"><strong>V\u00fdzva policisty k\u00a0prok\u00e1z\u00e1n\u00ed toto\u017enosti je nez\u00e1konn\u00e1, pokud je neur\u010dit\u00e1<\/strong> (nen\u00ed sd\u011bleno, jak\u00e9ho konkr\u00e9tn\u00edho p\u0159estupku se osoby m\u011bly dopustit) a je sm\u011b\u0159ov\u00e1na v\u016f\u010di anonymn\u00edmu davu, kter\u00fd nemusel v\u00fdzvu sly\u0161et.<\/li>\n<li style=\"padding-left: 30px\">\u201e<strong>Naru\u0161ov\u00e1n\u00ed\u201c ozn\u00e1men\u00e9ho shrom\u00e1\u017ed\u011bn\u00ed k\u0159ikem a pou\u017eit\u00edm p\u00ed\u0161\u0165alek a hrka\u010dek nen\u00ed p\u0159estupkem<\/strong>, pokud je i p\u0159es to \u0159e\u010dn\u00edk\u016fm rozum\u011bt (nap\u0159. d\u00edky technice). P\u0159eru\u0161en\u00ed proslovu na kr\u00e1tkou dobu neznamen\u00e1, \u017ee by nebyl napln\u011bn \u00fa\u010del shrom\u00e1\u017ed\u011bn\u00ed.<\/li>\n<li style=\"padding-left: 30px\">Soud vych\u00e1z\u00ed z\u00a0judikatury Evropsk\u00e9ho soudu pro lidsk\u00e1 pr\u00e1va (ESLP) ve \u0160trasburku, podle kter\u00e9 je <strong>sou\u010d\u00e1st\u00ed svobody projevu a pr\u00e1va shroma\u017e\u010fovac\u00edho vystoupit s\u00a0nesouhlasn\u00fdm n\u00e1zorem na shrom\u00e1\u017ed\u011bn\u00ed<\/strong>. Proti takov\u00e9 protidemonstraci je mo\u017en\u00e9 zas\u00e1hnout pouze, pokud by p\u016fvodn\u00ed shrom\u00e1\u017ed\u011bn\u00ed bylo zcela \u010di podstatn\u011b znemo\u017en\u011bno. To se v\u00a0dan\u00e9m p\u0159\u00edpad\u011b nestalo.<\/li>\n<li style=\"padding-left: 30px\"><strong>Ani zatarasen\u00ed p\u016fvodn\u00ed trasy p\u0159edem ozn\u00e1men\u00e9ho pochodu nen\u00ed p\u0159estupkem<\/strong>, pokud byl pochod realizov\u00e1n, ale v\u00a0jin\u00e9 trase, kter\u00e1 nem\u011bla v\u00fdznamn\u011bj\u0161\u00ed vliv na jeho pr\u016fb\u011bh.<\/li>\n<li style=\"padding-left: 30px\">Omezen\u00ed osobn\u00ed svobody protidemonstrant\u016f formou znemo\u017en\u011bn\u00ed odchodu \u00fa\u010dastn\u00edk\u016f a jejich zatarasen\u00ed na jednom m\u00edst\u011b ze strany policie by <strong>mohlo b\u00fdt z\u00e1konn\u00e9, pokud by doch\u00e1zelo ke st\u0159et\u016fm mezi dv\u011bma skupinami a \u00fa\u010delem by bylo zabr\u00e1nit takov\u00fdm st\u0159et\u016fm<\/strong>. To ale v\u00a0dan\u00e9m p\u0159\u00edpad\u011b nenastalo a osoby byly na m\u00edst\u011b zaji\u0161t\u011bny bez z\u00e1konn\u00e9ho d\u016fvodu.<\/li>\n<\/ul>\n<h3>Policie podala kasa\u010dn\u00ed st\u00ed\u017enost<\/h3>\n<p>Policie nesouhlas\u00ed s\u00a0n\u00e1zorem soudu, \u017ee v\u00fdzva policie byla nedostate\u010dn\u011b ur\u010dit\u00e1. Pokud by podle n\u00ed policista musel na m\u00edst\u011b je\u0161t\u011b p\u0159ed v\u00fdzvou k prok\u00e1z\u00e1n\u00ed toto\u017enosti\u00a0sd\u011blovat\u00a0p\u0159esnou pr\u00e1vn\u00ed kvalifikaci a vy\u010derp\u00e1vaj\u00edc\u00ed popis skutku,\u00a0kladl by soud na policisty v\u00a0ter\u00e9nu nep\u0159im\u011b\u0159en\u00e9 n\u00e1roky.\u00a0Podle policie nav\u00edc\u00a0soud k\u00a0p\u0159\u00edpadu p\u0159istupoval jako k\u00a0hromadn\u00e9 \u017ealob\u011b, ale m\u011bl se zab\u00fdvat pouze dv\u011bma \u00fa\u010dastn\u00edky \u2013 \u017ealobci, ne cel\u00fdm shrom\u00e1\u017ed\u011bn\u00edm.<\/p>\n<p>Podle zku\u0161enost\u00ed Ligy lidsk\u00fdch pr\u00e1v se v\u00a0praxi \u010dasto st\u00e1v\u00e1, \u017ee si policist\u00e9 vynucuj\u00ed kontrolu toto\u017enosti pod z\u00e1minkou \u00fadajn\u00e9ho neur\u010dit\u00e9ho protipr\u00e1vn\u00edho jedn\u00e1n\u00ed osoby, ani\u017e by specifikovali, \u010deho se osoba m\u011bla dopustit. Jako se tak stalo i na protidemonstraci v Olomouci.<\/p>\n<blockquote><p><span style=\"color: #000000\"><em>&#8222;Pokud nejde o p\u0159\u00edpad, kter\u00fd nesnese odkladu, by policista na m\u00edst\u011b m\u011bl b\u00fdt schopen alespo\u0148 s\u00a0ur\u010ditou m\u00edrou konkr\u00e9tnosti sd\u011blit, \u010deho se osoba m\u011bla dopustit. Nikdo po policistech nechce p\u0159esnou pr\u00e1vn\u00ed kvalifikaci a konkr\u00e9tn\u00ed paragraf z\u00e1kona, ale alespo\u0148 v\u00a0obecn\u00e9 rovin\u011b by m\u011bl b\u00fdt schopen \u0159\u00edci, co konkr\u00e9tn\u00ed \u010dlov\u011bk ud\u011blal \u0161patn\u00e9ho, nap\u0159\u00edklad: \u201ed\u011blal jste hluk, proto jste podez\u0159el\u00fd z\u00a0p\u0159estupku ru\u0161en\u00ed no\u010dn\u00edho klidu\u201c, nam\u00edsto pouh\u00e9ho neod\u016fvodn\u011bn\u00e9ho sd\u011blen\u00ed: \u201ejste podez\u0159el\u00fd z\u00a0p\u0159estupku\u201c,&#8220;<\/em> <\/span><\/p><\/blockquote>\n<p>komentuje st\u00ed\u017enost policie pr\u00e1vni\u010dka Ligy lidsk\u00fdch pr\u00e1v <strong>Zuzana Candigliota<\/strong>. Opa\u010dn\u00fd p\u0159\u00edstup by podle n\u00ed toti\u017e policii nahr\u00e1val k\u00a0bezd\u016fvodn\u00fdm z\u00e1sah\u016fm proti nepohodln\u00fdm lidem, kdy by policie a\u017e v\u00a0klidu kancel\u00e1\u0159e n\u00e1sledn\u011b \u0159e\u0161ila, z\u00a0\u010deho danou osobu obvin\u00ed.<\/p>\n<p><em>Tiskovou zpr\u00e1vu ke kv\u011btnov\u00e9mu vyhl\u00e1\u0161en\u00ed rozsudku a zn\u011bn\u00ed \u017ealoby naleznete <a href=\"http:\/\/llp.cz\/2016\/05\/soud-obkliceni-protidemonstrantu-a-kontrola-jejich-totoznosti-byla-nezakonna\/\" target=\"_blank\">zde<\/a>.<\/em><\/p>\n<p>&nbsp;<\/p>\n","protected":false},"excerpt":{"rendered":"<p>V\u00fdzva policisty k\u00a0prok\u00e1z\u00e1n\u00ed toto\u017enosti je nez\u00e1konn\u00e1, pokud je neur\u010dit\u00e1 a je sm\u011b\u0159ov\u00e1na v\u016f\u010di anonymn\u00edmu davu, kter\u00fd nemusel v\u00fdzvu sly\u0161et. Vypl\u00fdv\u00e1 to z p\u00edsemn\u00e9ho rozsudku Krajsk\u00e9ho soudu v Ostrav\u011b, kter\u00fd se zab\u00fdval z\u00e1sahem policie na shrom\u00e1\u017ed\u011bn\u00ed D\u011blnick\u00e9 strany v Olomouci v \u0159\u00edjnu minul\u00e9ho roku. Policie tehdy obkl\u00ed\u010dila a kontrolovala toto\u017enost protidemonstrant\u016f, kte\u0159\u00ed p\u0159i\u0161li vyj\u00e1d\u0159it nesouhlas se [&hellip;]<\/p>\n","protected":false},"author":2,"featured_media":0,"comment_status":"open","ping_status":"open","sticky":false,"template":"","format":"standard","meta":{"_et_pb_use_builder":"","_et_pb_old_content":"","_et_gb_content_width":"","footnotes":""},"categories":[54,55],"tags":[4,5,6],"class_list":["post-393","post","type-post","status-publish","format-standard","hentry","category-ferova-policie","category-soudnictvi-a-policie","tag-policie","tag-prokazani-totoznosti","tag-soud"],"yoast_head":"<!-- This site is optimized with the Yoast SEO plugin v27.5 - https:\/\/yoast.com\/product\/yoast-seo-wordpress\/ -->\n<title>Soud: V\u00fdzva policisty k prok\u00e1z\u00e1n\u00ed toto\u017enosti je nez\u00e1konn\u00e1, pokud je neur\u010dit\u00e1 - F\u00e9rov\u00e9 vy\u0161et\u0159ov\u00e1n\u00ed<\/title>\n<meta name=\"robots\" content=\"index, follow, max-snippet:-1, max-image-preview:large, max-video-preview:-1\" \/>\n<link rel=\"canonical\" href=\"https:\/\/llp.cz\/ferove-vysetrovani\/2016\/09\/27\/soud-vyzva-policisty-k-prokazani-totoznosti-nezakonna-pokud-neurcita\/\" \/>\n<meta property=\"og:locale\" content=\"cs_CZ\" \/>\n<meta property=\"og:type\" content=\"article\" \/>\n<meta property=\"og:title\" content=\"Soud: V\u00fdzva policisty k prok\u00e1z\u00e1n\u00ed toto\u017enosti je nez\u00e1konn\u00e1, pokud je neur\u010dit\u00e1 - F\u00e9rov\u00e9 vy\u0161et\u0159ov\u00e1n\u00ed\" \/>\n<meta property=\"og:description\" content=\"V\u00fdzva policisty k\u00a0prok\u00e1z\u00e1n\u00ed toto\u017enosti je nez\u00e1konn\u00e1, pokud je neur\u010dit\u00e1 a je sm\u011b\u0159ov\u00e1na v\u016f\u010di anonymn\u00edmu davu, kter\u00fd nemusel v\u00fdzvu sly\u0161et. Vypl\u00fdv\u00e1 to z p\u00edsemn\u00e9ho rozsudku Krajsk\u00e9ho soudu v Ostrav\u011b, kter\u00fd se zab\u00fdval z\u00e1sahem policie na shrom\u00e1\u017ed\u011bn\u00ed D\u011blnick\u00e9 strany v Olomouci v \u0159\u00edjnu minul\u00e9ho roku. Policie tehdy obkl\u00ed\u010dila a kontrolovala toto\u017enost protidemonstrant\u016f, kte\u0159\u00ed p\u0159i\u0161li vyj\u00e1d\u0159it nesouhlas se [&hellip;]\" \/>\n<meta property=\"og:url\" content=\"https:\/\/llp.cz\/ferove-vysetrovani\/2016\/09\/27\/soud-vyzva-policisty-k-prokazani-totoznosti-nezakonna-pokud-neurcita\/\" \/>\n<meta property=\"og:site_name\" content=\"F\u00e9rov\u00e9 vy\u0161et\u0159ov\u00e1n\u00ed\" \/>\n<meta property=\"article:published_time\" content=\"2016-09-26T23:37:09+00:00\" \/>\n<meta property=\"article:modified_time\" content=\"2017-03-30T11:02:29+00:00\" \/>\n<meta name=\"author\" content=\"Dan Petrucha\" \/>\n<meta name=\"twitter:card\" content=\"summary_large_image\" \/>\n<meta name=\"twitter:label1\" content=\"Napsal(a)\" \/>\n\t<meta name=\"twitter:data1\" content=\"Dan Petrucha\" \/>\n\t<meta name=\"twitter:label2\" content=\"Odhadovan\u00e1 doba \u010dten\u00ed\" \/>\n\t<meta name=\"twitter:data2\" content=\"4 minuty\" \/>\n<script type=\"application\/ld+json\" class=\"yoast-schema-graph\">{\"@context\":\"https:\\\/\\\/schema.org\",\"@graph\":[{\"@type\":\"Article\",\"@id\":\"https:\\\/\\\/llp.cz\\\/ferove-vysetrovani\\\/2016\\\/09\\\/27\\\/soud-vyzva-policisty-k-prokazani-totoznosti-nezakonna-pokud-neurcita\\\/#article\",\"isPartOf\":{\"@id\":\"https:\\\/\\\/llp.cz\\\/ferove-vysetrovani\\\/2016\\\/09\\\/27\\\/soud-vyzva-policisty-k-prokazani-totoznosti-nezakonna-pokud-neurcita\\\/\"},\"author\":{\"name\":\"Dan Petrucha\",\"@id\":\"https:\\\/\\\/llp.cz\\\/ferove-vysetrovani\\\/#\\\/schema\\\/person\\\/346d0f05e1507dc6b1101d750102e9ff\"},\"headline\":\"Soud: V\u00fdzva policisty k prok\u00e1z\u00e1n\u00ed toto\u017enosti je nez\u00e1konn\u00e1, pokud je neur\u010dit\u00e1\",\"datePublished\":\"2016-09-26T23:37:09+00:00\",\"dateModified\":\"2017-03-30T11:02:29+00:00\",\"mainEntityOfPage\":{\"@id\":\"https:\\\/\\\/llp.cz\\\/ferove-vysetrovani\\\/2016\\\/09\\\/27\\\/soud-vyzva-policisty-k-prokazani-totoznosti-nezakonna-pokud-neurcita\\\/\"},\"wordCount\":759,\"commentCount\":0,\"keywords\":[\"policie\",\"prok\u00e1z\u00e1n\u00ed toto\u017enosti\",\"soud\"],\"articleSection\":[\"F\u00e9rov\u00e1 policie\",\"Soudnictv\u00ed a policie\"],\"inLanguage\":\"cs\",\"potentialAction\":[{\"@type\":\"CommentAction\",\"name\":\"Comment\",\"target\":[\"https:\\\/\\\/llp.cz\\\/ferove-vysetrovani\\\/2016\\\/09\\\/27\\\/soud-vyzva-policisty-k-prokazani-totoznosti-nezakonna-pokud-neurcita\\\/#respond\"]}]},{\"@type\":\"WebPage\",\"@id\":\"https:\\\/\\\/llp.cz\\\/ferove-vysetrovani\\\/2016\\\/09\\\/27\\\/soud-vyzva-policisty-k-prokazani-totoznosti-nezakonna-pokud-neurcita\\\/\",\"url\":\"https:\\\/\\\/llp.cz\\\/ferove-vysetrovani\\\/2016\\\/09\\\/27\\\/soud-vyzva-policisty-k-prokazani-totoznosti-nezakonna-pokud-neurcita\\\/\",\"name\":\"Soud: V\u00fdzva policisty k prok\u00e1z\u00e1n\u00ed toto\u017enosti je nez\u00e1konn\u00e1, pokud je neur\u010dit\u00e1 - F\u00e9rov\u00e9 vy\u0161et\u0159ov\u00e1n\u00ed\",\"isPartOf\":{\"@id\":\"https:\\\/\\\/llp.cz\\\/ferove-vysetrovani\\\/#website\"},\"datePublished\":\"2016-09-26T23:37:09+00:00\",\"dateModified\":\"2017-03-30T11:02:29+00:00\",\"author\":{\"@id\":\"https:\\\/\\\/llp.cz\\\/ferove-vysetrovani\\\/#\\\/schema\\\/person\\\/346d0f05e1507dc6b1101d750102e9ff\"},\"breadcrumb\":{\"@id\":\"https:\\\/\\\/llp.cz\\\/ferove-vysetrovani\\\/2016\\\/09\\\/27\\\/soud-vyzva-policisty-k-prokazani-totoznosti-nezakonna-pokud-neurcita\\\/#breadcrumb\"},\"inLanguage\":\"cs\",\"potentialAction\":[{\"@type\":\"ReadAction\",\"target\":[\"https:\\\/\\\/llp.cz\\\/ferove-vysetrovani\\\/2016\\\/09\\\/27\\\/soud-vyzva-policisty-k-prokazani-totoznosti-nezakonna-pokud-neurcita\\\/\"]}]},{\"@type\":\"BreadcrumbList\",\"@id\":\"https:\\\/\\\/llp.cz\\\/ferove-vysetrovani\\\/2016\\\/09\\\/27\\\/soud-vyzva-policisty-k-prokazani-totoznosti-nezakonna-pokud-neurcita\\\/#breadcrumb\",\"itemListElement\":[{\"@type\":\"ListItem\",\"position\":1,\"name\":\"Dom\u016f\",\"item\":\"https:\\\/\\\/llp.cz\\\/ferove-vysetrovani\\\/\"},{\"@type\":\"ListItem\",\"position\":2,\"name\":\"Soud: V\u00fdzva policisty k&nbsp;prok\u00e1z\u00e1n\u00ed toto\u017enosti je nez\u00e1konn\u00e1, pokud je neur\u010dit\u00e1\"}]},{\"@type\":\"WebSite\",\"@id\":\"https:\\\/\\\/llp.cz\\\/ferove-vysetrovani\\\/#website\",\"url\":\"https:\\\/\\\/llp.cz\\\/ferove-vysetrovani\\\/\",\"name\":\"F\u00e9rov\u00e9 vy\u0161et\u0159ov\u00e1n\u00ed\",\"description\":\"\",\"potentialAction\":[{\"@type\":\"SearchAction\",\"target\":{\"@type\":\"EntryPoint\",\"urlTemplate\":\"https:\\\/\\\/llp.cz\\\/ferove-vysetrovani\\\/?s={search_term_string}\"},\"query-input\":{\"@type\":\"PropertyValueSpecification\",\"valueRequired\":true,\"valueName\":\"search_term_string\"}}],\"inLanguage\":\"cs\"},{\"@type\":\"Person\",\"@id\":\"https:\\\/\\\/llp.cz\\\/ferove-vysetrovani\\\/#\\\/schema\\\/person\\\/346d0f05e1507dc6b1101d750102e9ff\",\"name\":\"Dan Petrucha\",\"image\":{\"@type\":\"ImageObject\",\"inLanguage\":\"cs\",\"@id\":\"https:\\\/\\\/secure.gravatar.com\\\/avatar\\\/8faae9a0172f9da688243c0d52129660fafdb59ab1753cdb4cfa1f0dc6efe8e9?s=96&d=mm&r=g\",\"url\":\"https:\\\/\\\/secure.gravatar.com\\\/avatar\\\/8faae9a0172f9da688243c0d52129660fafdb59ab1753cdb4cfa1f0dc6efe8e9?s=96&d=mm&r=g\",\"contentUrl\":\"https:\\\/\\\/secure.gravatar.com\\\/avatar\\\/8faae9a0172f9da688243c0d52129660fafdb59ab1753cdb4cfa1f0dc6efe8e9?s=96&d=mm&r=g\",\"caption\":\"Dan Petrucha\"},\"sameAs\":[\"http:\\\/\\\/www.ngo-grafika.cz\"],\"url\":\"https:\\\/\\\/llp.cz\\\/ferove-vysetrovani\\\/author\\\/danpetrucha\\\/\"}]}<\/script>\n<!-- \/ Yoast SEO plugin. -->","yoast_head_json":{"title":"Soud: V\u00fdzva policisty k prok\u00e1z\u00e1n\u00ed toto\u017enosti je nez\u00e1konn\u00e1, pokud je neur\u010dit\u00e1 - F\u00e9rov\u00e9 vy\u0161et\u0159ov\u00e1n\u00ed","robots":{"index":"index","follow":"follow","max-snippet":"max-snippet:-1","max-image-preview":"max-image-preview:large","max-video-preview":"max-video-preview:-1"},"canonical":"https:\/\/llp.cz\/ferove-vysetrovani\/2016\/09\/27\/soud-vyzva-policisty-k-prokazani-totoznosti-nezakonna-pokud-neurcita\/","og_locale":"cs_CZ","og_type":"article","og_title":"Soud: V\u00fdzva policisty k prok\u00e1z\u00e1n\u00ed toto\u017enosti je nez\u00e1konn\u00e1, pokud je neur\u010dit\u00e1 - F\u00e9rov\u00e9 vy\u0161et\u0159ov\u00e1n\u00ed","og_description":"V\u00fdzva policisty k\u00a0prok\u00e1z\u00e1n\u00ed toto\u017enosti je nez\u00e1konn\u00e1, pokud je neur\u010dit\u00e1 a je sm\u011b\u0159ov\u00e1na v\u016f\u010di anonymn\u00edmu davu, kter\u00fd nemusel v\u00fdzvu sly\u0161et. Vypl\u00fdv\u00e1 to z p\u00edsemn\u00e9ho rozsudku Krajsk\u00e9ho soudu v Ostrav\u011b, kter\u00fd se zab\u00fdval z\u00e1sahem policie na shrom\u00e1\u017ed\u011bn\u00ed D\u011blnick\u00e9 strany v Olomouci v \u0159\u00edjnu minul\u00e9ho roku. Policie tehdy obkl\u00ed\u010dila a kontrolovala toto\u017enost protidemonstrant\u016f, kte\u0159\u00ed p\u0159i\u0161li vyj\u00e1d\u0159it nesouhlas se [&hellip;]","og_url":"https:\/\/llp.cz\/ferove-vysetrovani\/2016\/09\/27\/soud-vyzva-policisty-k-prokazani-totoznosti-nezakonna-pokud-neurcita\/","og_site_name":"F\u00e9rov\u00e9 vy\u0161et\u0159ov\u00e1n\u00ed","article_published_time":"2016-09-26T23:37:09+00:00","article_modified_time":"2017-03-30T11:02:29+00:00","author":"Dan Petrucha","twitter_card":"summary_large_image","twitter_misc":{"Napsal(a)":"Dan Petrucha","Odhadovan\u00e1 doba \u010dten\u00ed":"4 minuty"},"schema":{"@context":"https:\/\/schema.org","@graph":[{"@type":"Article","@id":"https:\/\/llp.cz\/ferove-vysetrovani\/2016\/09\/27\/soud-vyzva-policisty-k-prokazani-totoznosti-nezakonna-pokud-neurcita\/#article","isPartOf":{"@id":"https:\/\/llp.cz\/ferove-vysetrovani\/2016\/09\/27\/soud-vyzva-policisty-k-prokazani-totoznosti-nezakonna-pokud-neurcita\/"},"author":{"name":"Dan Petrucha","@id":"https:\/\/llp.cz\/ferove-vysetrovani\/#\/schema\/person\/346d0f05e1507dc6b1101d750102e9ff"},"headline":"Soud: V\u00fdzva policisty k prok\u00e1z\u00e1n\u00ed toto\u017enosti je nez\u00e1konn\u00e1, pokud je neur\u010dit\u00e1","datePublished":"2016-09-26T23:37:09+00:00","dateModified":"2017-03-30T11:02:29+00:00","mainEntityOfPage":{"@id":"https:\/\/llp.cz\/ferove-vysetrovani\/2016\/09\/27\/soud-vyzva-policisty-k-prokazani-totoznosti-nezakonna-pokud-neurcita\/"},"wordCount":759,"commentCount":0,"keywords":["policie","prok\u00e1z\u00e1n\u00ed toto\u017enosti","soud"],"articleSection":["F\u00e9rov\u00e1 policie","Soudnictv\u00ed a policie"],"inLanguage":"cs","potentialAction":[{"@type":"CommentAction","name":"Comment","target":["https:\/\/llp.cz\/ferove-vysetrovani\/2016\/09\/27\/soud-vyzva-policisty-k-prokazani-totoznosti-nezakonna-pokud-neurcita\/#respond"]}]},{"@type":"WebPage","@id":"https:\/\/llp.cz\/ferove-vysetrovani\/2016\/09\/27\/soud-vyzva-policisty-k-prokazani-totoznosti-nezakonna-pokud-neurcita\/","url":"https:\/\/llp.cz\/ferove-vysetrovani\/2016\/09\/27\/soud-vyzva-policisty-k-prokazani-totoznosti-nezakonna-pokud-neurcita\/","name":"Soud: V\u00fdzva policisty k prok\u00e1z\u00e1n\u00ed toto\u017enosti je nez\u00e1konn\u00e1, pokud je neur\u010dit\u00e1 - F\u00e9rov\u00e9 vy\u0161et\u0159ov\u00e1n\u00ed","isPartOf":{"@id":"https:\/\/llp.cz\/ferove-vysetrovani\/#website"},"datePublished":"2016-09-26T23:37:09+00:00","dateModified":"2017-03-30T11:02:29+00:00","author":{"@id":"https:\/\/llp.cz\/ferove-vysetrovani\/#\/schema\/person\/346d0f05e1507dc6b1101d750102e9ff"},"breadcrumb":{"@id":"https:\/\/llp.cz\/ferove-vysetrovani\/2016\/09\/27\/soud-vyzva-policisty-k-prokazani-totoznosti-nezakonna-pokud-neurcita\/#breadcrumb"},"inLanguage":"cs","potentialAction":[{"@type":"ReadAction","target":["https:\/\/llp.cz\/ferove-vysetrovani\/2016\/09\/27\/soud-vyzva-policisty-k-prokazani-totoznosti-nezakonna-pokud-neurcita\/"]}]},{"@type":"BreadcrumbList","@id":"https:\/\/llp.cz\/ferove-vysetrovani\/2016\/09\/27\/soud-vyzva-policisty-k-prokazani-totoznosti-nezakonna-pokud-neurcita\/#breadcrumb","itemListElement":[{"@type":"ListItem","position":1,"name":"Dom\u016f","item":"https:\/\/llp.cz\/ferove-vysetrovani\/"},{"@type":"ListItem","position":2,"name":"Soud: V\u00fdzva policisty k&nbsp;prok\u00e1z\u00e1n\u00ed toto\u017enosti je nez\u00e1konn\u00e1, pokud je neur\u010dit\u00e1"}]},{"@type":"WebSite","@id":"https:\/\/llp.cz\/ferove-vysetrovani\/#website","url":"https:\/\/llp.cz\/ferove-vysetrovani\/","name":"F\u00e9rov\u00e9 vy\u0161et\u0159ov\u00e1n\u00ed","description":"","potentialAction":[{"@type":"SearchAction","target":{"@type":"EntryPoint","urlTemplate":"https:\/\/llp.cz\/ferove-vysetrovani\/?s={search_term_string}"},"query-input":{"@type":"PropertyValueSpecification","valueRequired":true,"valueName":"search_term_string"}}],"inLanguage":"cs"},{"@type":"Person","@id":"https:\/\/llp.cz\/ferove-vysetrovani\/#\/schema\/person\/346d0f05e1507dc6b1101d750102e9ff","name":"Dan Petrucha","image":{"@type":"ImageObject","inLanguage":"cs","@id":"https:\/\/secure.gravatar.com\/avatar\/8faae9a0172f9da688243c0d52129660fafdb59ab1753cdb4cfa1f0dc6efe8e9?s=96&d=mm&r=g","url":"https:\/\/secure.gravatar.com\/avatar\/8faae9a0172f9da688243c0d52129660fafdb59ab1753cdb4cfa1f0dc6efe8e9?s=96&d=mm&r=g","contentUrl":"https:\/\/secure.gravatar.com\/avatar\/8faae9a0172f9da688243c0d52129660fafdb59ab1753cdb4cfa1f0dc6efe8e9?s=96&d=mm&r=g","caption":"Dan Petrucha"},"sameAs":["http:\/\/www.ngo-grafika.cz"],"url":"https:\/\/llp.cz\/ferove-vysetrovani\/author\/danpetrucha\/"}]}},"_links":{"self":[{"href":"https:\/\/llp.cz\/ferove-vysetrovani\/wp-json\/wp\/v2\/posts\/393","targetHints":{"allow":["GET"]}}],"collection":[{"href":"https:\/\/llp.cz\/ferove-vysetrovani\/wp-json\/wp\/v2\/posts"}],"about":[{"href":"https:\/\/llp.cz\/ferove-vysetrovani\/wp-json\/wp\/v2\/types\/post"}],"author":[{"embeddable":true,"href":"https:\/\/llp.cz\/ferove-vysetrovani\/wp-json\/wp\/v2\/users\/2"}],"replies":[{"embeddable":true,"href":"https:\/\/llp.cz\/ferove-vysetrovani\/wp-json\/wp\/v2\/comments?post=393"}],"version-history":[{"count":3,"href":"https:\/\/llp.cz\/ferove-vysetrovani\/wp-json\/wp\/v2\/posts\/393\/revisions"}],"predecessor-version":[{"id":894,"href":"https:\/\/llp.cz\/ferove-vysetrovani\/wp-json\/wp\/v2\/posts\/393\/revisions\/894"}],"wp:attachment":[{"href":"https:\/\/llp.cz\/ferove-vysetrovani\/wp-json\/wp\/v2\/media?parent=393"}],"wp:term":[{"taxonomy":"category","embeddable":true,"href":"https:\/\/llp.cz\/ferove-vysetrovani\/wp-json\/wp\/v2\/categories?post=393"},{"taxonomy":"post_tag","embeddable":true,"href":"https:\/\/llp.cz\/ferove-vysetrovani\/wp-json\/wp\/v2\/tags?post=393"}],"curies":[{"name":"wp","href":"https:\/\/api.w.org\/{rel}","templated":true}]}}